{"id":1842,"date":"2020-04-30T16:32:28","date_gmt":"2020-04-30T14:32:28","guid":{"rendered":"https:\/\/venicewiki.org\/it\/?p=1842"},"modified":"2023-03-14T15:55:49","modified_gmt":"2023-03-14T14:55:49","slug":"marco-polo","status":"publish","type":"post","link":"https:\/\/venicewiki.org\/it\/veneziani-famosi\/marco-polo\/","title":{"rendered":"Marco Polo"},"content":{"rendered":"<p>[vc_row][vc_column][vc_column_text]<\/p>\r\n<h1 style=\"text-align: center;\">Marco Polo<\/h1>\r\n<p>[\/vc_column_text][\/vc_column][\/vc_row][vc_row][vc_column][vc_column_text]<\/p>\r\n<div class=\"wp-block-image\">\r\n<figure class=\"alignright\"><a href=\"https:\/\/venicewiki.org\/wiki\/Immagine:Stemma_Polo.jpg\"><img src=\"https:\/\/venicewiki.org\/images\/thumb\/b\/b4\/Stemma_Polo.jpg\/250px-Stemma_Polo.jpg\" alt=\"\" \/><\/a><\/figure>\r\n<\/div>\r\n\r\n<p><em>\u00ab\u2026 n\u00e9 cristiano n\u00e9 pagano,saracino o tartero, n\u00e9 niuno huomo di niuna generazione non vide n\u00e9 cerc\u00f2 tante meravigliose cose del mondo come fece messer Marco Polo\u00bb<\/em><\/p>\r\n\r\n<p>[da Il Milione]<\/p>\r\n\r\n<p><strong>Marco Polo<\/strong>\u00a0nasce nel 1254 a\u00a0<a href=\"https:\/\/venicewiki.org\/wiki\/Venezia\">Venezia<\/a>\u00a0da una famiglia patrizia di facoltosi mercanti, originaria di Sebenico in Dalmazia. Pi\u00f9 o meno in quegli anni \u2014 non si sa con certezza se prima o dopo la sua nascita \u2014 il padre Niccol\u00f2 e lo zio Matteo partono per un viaggio commerciale in Oriente; e si stabiliscono, dapprima, nella capitale dell\u2019Impero latino, Costantinopoli, poi a Soldaia, in Crimea, dove intorno al 1280 Marco il Vecchio (il fratello maggiore), in societ\u00e0 con Matteo e Niccol\u00f2, fonder\u00e0 una compagnia di affari.<\/p>\r\n\r\n<p>&nbsp;<\/p>\r\n\r\n<div class=\"wp-block-image\">\r\n<figure class=\"alignright\"><a href=\"https:\/\/venicewiki.org\/wiki\/Immagine:Incisione_corte_milion_-_Pozzobon.jpg\"><img src=\"https:\/\/venicewiki.org\/images\/f\/ff\/Incisione_corte_milion_-_Pozzobon.jpg\" alt=\"\" \/><\/a><\/figure>\r\n<\/div>\r\n\r\n<p>Nel loro viaggio, i fratelli Polo si spingono fino alla corte del grande Qubilai, il conquistatore e unificatore della Cina, il pi\u00f9 illustre discendente del Gensis Can; e durante questo loro primo soggiorno (1265) ottengono importanti privilegi e probabilmente anche la dignit\u00e0 nobiliare mongola.<\/p>\r\n\r\n<p>Nel 1269, quando il padre e lo zio fanno ritorno a\u00a0<a href=\"https:\/\/venicewiki.org\/wiki\/Venezia\">Venezia<\/a>, Marco ha quindici anni; e poco pi\u00f9 tardi, ancora giovinetto, probabilmente nella primavera o nell\u2019estate del 1271, parte insieme con loro per la Cina, dove rimarr\u00e0 per circa venticinque anni.<\/p>\r\n\r\n<p>Dopo aver lasciato, nel novembre di quello stesso anno, San Giovanni d\u2019Acri, verso il maggio 1275, i Polo giungono alla corte di Qubilai. Qui Marco, dopo aver assolto l\u2019incarico, affidatogli dall\u2019imperatore, di ispezionare le regioni al confine del Tibet e lo Y\u00fcn-nan, viene elevato alla dignit\u00e0 di \u201cmessere\u201d \u2014 titolo che lo lega direttamente alla figura del sovrano, di cui diviene informatore ed ambasciatore personale presso tutti i popoli dell\u2019impero. E con questo titolo, per l\u2019appunto, Marco viene menzionato nel Milione.<\/p>\r\n\r\n<p>Durante tutta la sua permanenza presso la corte mongolica, per conto del Gran Khan, Marco svolger\u00e0 attivit\u00e0 amministrative, lunghe e delicate ambascerie e incarichi diplomatici di prestigio, compiendo a tal fine diversi viaggi. Tra i tanti incarichi affidatigli, va segnalata la nomina, nel 1278, a governatore di Hang-chou, gi\u00e0 capitale, sotto la dinastia dei Sung, del reame dei Mangi.<\/p>\r\n\r\n<p>&nbsp;<\/p>\r\n\r\n<div class=\"wp-block-image\">\r\n<figure class=\"alignright\"><a href=\"https:\/\/farm7.static.flickr.com\/6038\/6337656472_b7793c8d6d.jpg\"><img src=\"https:\/\/farm7.static.flickr.com\/6038\/6337656472_b7793c8d6d_m.jpg\" alt=\"Corte seconda del Milion - Case Polo\" \/><\/a><\/figure>\r\n<\/div>\r\n\r\n<p>Nel 1292 i Polo salpano dal porto di Zaitun ed iniziano per mare il viaggio di ritorno in patria che si concluder\u00e0 nel 1295. In quello stesso anno, poco dopo, in una delle tante battaglie navali che a quel tempo avvenivano tra veneziani e genovesi nel Mediterraneo orientale e nei mari italiani \u2014 non \u00e8 dato sapere con certezza quale (non necessariamente quella di Curzola, come sostengono alcuni suoi biografi) \u2014 Marco cade prigioniero dei genovesi. E fra il 1298 e 1299, proprio nelle carceri di Genova, detta al compagno di prigionia, Rustichello da Pisa*, il suo resoconto di viaggio Le Divisament du Monde. Scritto nella redazione originale in franco-italiano, il libro sar\u00e0 ben presto noto con il titolo di Milione: dal soprannome di tutta la stirpe dei Polo, per aferesi da Emilione, nome di un antenato della famiglia.<\/p>\r\n\r\n<p>Ratificata la pace tra veneziani e genovesi, il primo luglio 1299, Marco torna libero e fa ritorno a\u00a0<a href=\"https:\/\/venicewiki.org\/wiki\/Venezia\">Venezia<\/a>, dove sposa Donata (probabilmente della famiglia Loredano), da cui ha tre figlie.<\/p>\r\n\r\n<p>Fino alla morte, il viaggiatore veneziano si occuper\u00e0 con lo zio Matteo di affari e commercio, oltre che soprattutto della diffusione del suo libro. Sappiamo che nell\u2019agosto del 1307 consegna una copia del Milione a Thibault de Cepoy, affinch\u00e9 la recapiti a Carlo di Valois, fratello del re di Francia Filippo il Bello. Oltre a Carlo di Valois, se ne procurano copie l\u2019infante di Portogallo don Pedro e numerosi nobili e principi. Il libro, ben presto volgarizzato, circoler\u00e0 in versioni toscane pi\u00f9 o meno fedeli, e riscuoter\u00e0, fin dai primi del Trecento, un notevole successo.<\/p>\r\n\r\n<p>Il 9 gennaio 1324 Marco firma il suo testamento, testamento che, insieme con altri documenti, attesta come le propriet\u00e0 dei Polo fossero in realt\u00e0 pi\u00f9 limitate rispetto alle meravigliose ricchezze che solitamente venivano attribuite loro. La modesta casa della famiglia, nell\u2019odierna\u00a0<a href=\"https:\/\/venicewiki.org\/wiki\/Corte_Seconda_del_Milion\">Corte Seconda del Milion<\/a>, ne d\u00e0 conferma.<\/p>\r\n\r\n<p>&nbsp;<\/p>\r\n\r\n<div class=\"wp-block-image\">\r\n<figure class=\"alignright is-resized\"><a href=\"https:\/\/farm7.static.flickr.com\/6229\/6337657232_b958e8f273.jpg\"><img loading=\"lazy\" src=\"https:\/\/farm7.static.flickr.com\/6229\/6337657232_b958e8f273_m.jpg\" alt=\"targa marco polo\" width=\"297\" height=\"159\" \/><\/a><\/figure>\r\n<\/div>\r\n\r\n<p>Il \u00abnobilis vir Marchus Paulo Milioni\u00bb \u2014 cos\u00ec come l\u2019illustre viaggiatore \u00e8 chiamato in un documento del 1305 \u2014 muore a Venezia nel 1324.<\/p>\r\n\r\n<p>All&#8217;entrata di\u00a0<a href=\"https:\/\/venicewiki.org\/wiki\/Corte_Seconda_del_Milion\">Corte Seconda del Milion<\/a>, in calle della seta, una lapide posta sopra l&#8217;ingresso del\u00a0<em>Ufficio della Seta<\/em>\u00a0con accanto le iniziali dei procuratori con i loro stemmi araldici, ricorda che \u201cin queste case, attribuite al culto di Thalia<em>\u00a0(commedia),\u00a0<\/em>furono abitazione di Marco Polo, patrizio veneto, illustre per fama dei suoi viaggi<em>.<\/em><\/p>\r\n\r\n<p>Sul canale dietro le case di\u00a0<strong>Marco Polo<\/strong>\u00a0con il restauro del\u00a0<a href=\"https:\/\/venicewiki.org\/wiki\/Teatro_Malibran\">Teatro Malibran<\/a>\u00a0del 1881, fu posta una targa a ricordo di dove sorgevano, appunto, le case dei Polo.<\/p>\r\n\r\n<p>&nbsp;<\/p>\r\n\r\n<figure class=\"wp-block-embed is-type-video is-provider-youtube wp-block-embed-youtube wp-embed-aspect-4-3 wp-has-aspect-ratio\">\r\n<div class=\"wp-block-embed__wrapper\">https:\/\/www.youtube.com\/watch?v=X_Ro18M0tRs<\/div>\r\n<\/figure>\r\n\r\n<p>&nbsp;<\/p>\r\n\r\n<div class=\"wp-block-image\">\r\n<figure class=\"alignleft\"><a href=\"https:\/\/venicewiki.org\/wiki\/Immagine:Files_128.png\"><img src=\"https:\/\/venicewiki.org\/images\/thumb\/b\/b5\/Files_128.png\/40px-Files_128.png\" alt=\"{{{project}}}\" \/><\/a><\/figure>\r\n<\/div>\r\n\r\n<p>Testo basato sull&#8217;originale di<strong><a href=\"http:\/\/www.italialibri.net\/autori\/polom.html\">Italialibri.net<\/a><\/strong><\/p>\r\n<p>[\/vc_column_text][\/vc_column][\/vc_row]<\/p>","protected":false},"excerpt":{"rendered":"<p>Marco Polo nasce nel 1254 a Venezia da una famiglia patrizia di facoltosi mercanti. Nel 1271, parte insieme con padre e zio per la Cina, dove rimarr\u00e0 per circa venticinque anni.<\/p>\n","protected":false},"author":2,"featured_media":0,"comment_status":"open","ping_status":"open","sticky":false,"template":"","format":"standard","meta":{"_editorskit_title_hidden":false,"_editorskit_reading_time":4},"categories":[349,342],"tags":[],"yoast_head":"<!-- This site is optimized with the Yoast SEO plugin v19.7.1 - https:\/\/yoast.com\/wordpress\/plugins\/seo\/ -->\n<title>Marco Polo - Venicewiki<\/title>\n<meta name=\"description\" content=\"Marco Polo nasce nel 1254 a Venezia da una famiglia patrizia di facoltosi mercanti. Nel 1271, parte insieme con padre e zio per la Cina, dove rimarr\u00e0 per circa venticinque anni.\" \/>\n<meta name=\"robots\" content=\"index, follow, max-snippet:-1, max-image-preview:large, max-video-preview:-1\" \/>\n<link rel=\"canonical\" href=\"https:\/\/venicewiki.org\/it\/veneziani-famosi\/marco-polo\/\" \/>\n<meta property=\"og:locale\" content=\"it_IT\" \/>\n<meta property=\"og:type\" content=\"article\" \/>\n<meta property=\"og:title\" content=\"Marco Polo - Venicewiki\" \/>\n<meta property=\"og:description\" content=\"Marco Polo nasce nel 1254 a Venezia da una famiglia patrizia di facoltosi mercanti. Nel 1271, parte insieme con padre e zio per la Cina, dove rimarr\u00e0 per circa venticinque anni.\" \/>\n<meta property=\"og:url\" content=\"https:\/\/venicewiki.org\/it\/veneziani-famosi\/marco-polo\/\" \/>\n<meta property=\"og:site_name\" content=\"Venicewiki\" \/>\n<meta property=\"article:published_time\" content=\"2020-04-30T14:32:28+00:00\" \/>\n<meta property=\"article:modified_time\" content=\"2023-03-14T14:55:49+00:00\" \/>\n<meta property=\"og:image\" content=\"https:\/\/venicewiki.org\/images\/thumb\/b\/b4\/Stemma_Polo.jpg\/250px-Stemma_Polo.jpg\" \/>\n<meta name=\"author\" content=\"alvise\" \/>\n<meta name=\"twitter:card\" content=\"summary_large_image\" \/>\n<meta name=\"twitter:label1\" content=\"Written by\" \/>\n\t<meta name=\"twitter:data1\" content=\"alvise\" \/>\n\t<meta name=\"twitter:label2\" content=\"Est. reading time\" \/>\n\t<meta name=\"twitter:data2\" content=\"6 minuti\" \/>\n<script type=\"application\/ld+json\" class=\"yoast-schema-graph\">{\"@context\":\"https:\/\/schema.org\",\"@graph\":[{\"@type\":\"Article\",\"@id\":\"https:\/\/venicewiki.org\/it\/veneziani-famosi\/marco-polo\/#article\",\"isPartOf\":{\"@id\":\"https:\/\/venicewiki.org\/it\/veneziani-famosi\/marco-polo\/\"},\"author\":{\"name\":\"alvise\",\"@id\":\"https:\/\/venicewiki.org\/it\/#\/schema\/person\/a1cfa4730cbb11362f93ae0b0920dba3\"},\"headline\":\"Marco Polo\",\"datePublished\":\"2020-04-30T14:32:28+00:00\",\"dateModified\":\"2023-03-14T14:55:49+00:00\",\"mainEntityOfPage\":{\"@id\":\"https:\/\/venicewiki.org\/it\/veneziani-famosi\/marco-polo\/\"},\"wordCount\":802,\"commentCount\":0,\"publisher\":{\"@id\":\"https:\/\/venicewiki.org\/it\/#organization\"},\"articleSection\":[\"Storia di Venezia\",\"Veneziani Famosi\"],\"inLanguage\":\"it-IT\",\"potentialAction\":[{\"@type\":\"CommentAction\",\"name\":\"Comment\",\"target\":[\"https:\/\/venicewiki.org\/it\/veneziani-famosi\/marco-polo\/#respond\"]}]},{\"@type\":\"WebPage\",\"@id\":\"https:\/\/venicewiki.org\/it\/veneziani-famosi\/marco-polo\/\",\"url\":\"https:\/\/venicewiki.org\/it\/veneziani-famosi\/marco-polo\/\",\"name\":\"Marco Polo - Venicewiki\",\"isPartOf\":{\"@id\":\"https:\/\/venicewiki.org\/it\/#website\"},\"datePublished\":\"2020-04-30T14:32:28+00:00\",\"dateModified\":\"2023-03-14T14:55:49+00:00\",\"description\":\"Marco Polo nasce nel 1254 a Venezia da una famiglia patrizia di facoltosi mercanti. Nel 1271, parte insieme con padre e zio per la Cina, dove rimarr\u00e0 per circa venticinque anni.\",\"breadcrumb\":{\"@id\":\"https:\/\/venicewiki.org\/it\/veneziani-famosi\/marco-polo\/#breadcrumb\"},\"inLanguage\":\"it-IT\",\"potentialAction\":[{\"@type\":\"ReadAction\",\"target\":[\"https:\/\/venicewiki.org\/it\/veneziani-famosi\/marco-polo\/\"]}]},{\"@type\":\"BreadcrumbList\",\"@id\":\"https:\/\/venicewiki.org\/it\/veneziani-famosi\/marco-polo\/#breadcrumb\",\"itemListElement\":[{\"@type\":\"ListItem\",\"position\":1,\"name\":\"Home\",\"item\":\"https:\/\/venicewiki.org\/it\/\"},{\"@type\":\"ListItem\",\"position\":2,\"name\":\"Marco Polo\"}]},{\"@type\":\"WebSite\",\"@id\":\"https:\/\/venicewiki.org\/it\/#website\",\"url\":\"https:\/\/venicewiki.org\/it\/\",\"name\":\"Venicewiki\",\"description\":\"La guida di Venezia\",\"publisher\":{\"@id\":\"https:\/\/venicewiki.org\/it\/#organization\"},\"potentialAction\":[{\"@type\":\"SearchAction\",\"target\":{\"@type\":\"EntryPoint\",\"urlTemplate\":\"https:\/\/venicewiki.org\/it\/?s={search_term_string}\"},\"query-input\":\"required name=search_term_string\"}],\"inLanguage\":\"it-IT\"},{\"@type\":\"Organization\",\"@id\":\"https:\/\/venicewiki.org\/it\/#organization\",\"name\":\"Venicewiki\",\"url\":\"https:\/\/venicewiki.org\/it\/\",\"sameAs\":[],\"logo\":{\"@type\":\"ImageObject\",\"inLanguage\":\"it-IT\",\"@id\":\"https:\/\/venicewiki.org\/it\/#\/schema\/logo\/image\/\",\"url\":\"https:\/\/venicewiki.org\/it\/wp-content\/uploads\/2022\/12\/Logo-sfondo-rosso.png\",\"contentUrl\":\"https:\/\/venicewiki.org\/it\/wp-content\/uploads\/2022\/12\/Logo-sfondo-rosso.png\",\"width\":1000,\"height\":1000,\"caption\":\"Venicewiki\"},\"image\":{\"@id\":\"https:\/\/venicewiki.org\/it\/#\/schema\/logo\/image\/\"}},{\"@type\":\"Person\",\"@id\":\"https:\/\/venicewiki.org\/it\/#\/schema\/person\/a1cfa4730cbb11362f93ae0b0920dba3\",\"name\":\"alvise\",\"image\":{\"@type\":\"ImageObject\",\"inLanguage\":\"it-IT\",\"@id\":\"https:\/\/venicewiki.org\/it\/#\/schema\/person\/image\/\",\"url\":\"https:\/\/secure.gravatar.com\/avatar\/d9f6fb03ee81d01c6d38ed1ffd3f7c50?s=96&d=mm&r=g\",\"contentUrl\":\"https:\/\/secure.gravatar.com\/avatar\/d9f6fb03ee81d01c6d38ed1ffd3f7c50?s=96&d=mm&r=g\",\"caption\":\"alvise\"},\"url\":\"https:\/\/venicewiki.org\/it\/author\/alvise\/\"}]}<\/script>\n<!-- \/ Yoast SEO plugin. -->","yoast_head_json":{"title":"Marco Polo - Venicewiki","description":"Marco Polo nasce nel 1254 a Venezia da una famiglia patrizia di facoltosi mercanti. Nel 1271, parte insieme con padre e zio per la Cina, dove rimarr\u00e0 per circa venticinque anni.","robots":{"index":"index","follow":"follow","max-snippet":"max-snippet:-1","max-image-preview":"max-image-preview:large","max-video-preview":"max-video-preview:-1"},"canonical":"https:\/\/venicewiki.org\/it\/veneziani-famosi\/marco-polo\/","og_locale":"it_IT","og_type":"article","og_title":"Marco Polo - Venicewiki","og_description":"Marco Polo nasce nel 1254 a Venezia da una famiglia patrizia di facoltosi mercanti. Nel 1271, parte insieme con padre e zio per la Cina, dove rimarr\u00e0 per circa venticinque anni.","og_url":"https:\/\/venicewiki.org\/it\/veneziani-famosi\/marco-polo\/","og_site_name":"Venicewiki","article_published_time":"2020-04-30T14:32:28+00:00","article_modified_time":"2023-03-14T14:55:49+00:00","og_image":[{"url":"https:\/\/venicewiki.org\/images\/thumb\/b\/b4\/Stemma_Polo.jpg\/250px-Stemma_Polo.jpg"}],"author":"alvise","twitter_card":"summary_large_image","twitter_misc":{"Written by":"alvise","Est. reading time":"6 minuti"},"schema":{"@context":"https:\/\/schema.org","@graph":[{"@type":"Article","@id":"https:\/\/venicewiki.org\/it\/veneziani-famosi\/marco-polo\/#article","isPartOf":{"@id":"https:\/\/venicewiki.org\/it\/veneziani-famosi\/marco-polo\/"},"author":{"name":"alvise","@id":"https:\/\/venicewiki.org\/it\/#\/schema\/person\/a1cfa4730cbb11362f93ae0b0920dba3"},"headline":"Marco Polo","datePublished":"2020-04-30T14:32:28+00:00","dateModified":"2023-03-14T14:55:49+00:00","mainEntityOfPage":{"@id":"https:\/\/venicewiki.org\/it\/veneziani-famosi\/marco-polo\/"},"wordCount":802,"commentCount":0,"publisher":{"@id":"https:\/\/venicewiki.org\/it\/#organization"},"articleSection":["Storia di Venezia","Veneziani Famosi"],"inLanguage":"it-IT","potentialAction":[{"@type":"CommentAction","name":"Comment","target":["https:\/\/venicewiki.org\/it\/veneziani-famosi\/marco-polo\/#respond"]}]},{"@type":"WebPage","@id":"https:\/\/venicewiki.org\/it\/veneziani-famosi\/marco-polo\/","url":"https:\/\/venicewiki.org\/it\/veneziani-famosi\/marco-polo\/","name":"Marco Polo - Venicewiki","isPartOf":{"@id":"https:\/\/venicewiki.org\/it\/#website"},"datePublished":"2020-04-30T14:32:28+00:00","dateModified":"2023-03-14T14:55:49+00:00","description":"Marco Polo nasce nel 1254 a Venezia da una famiglia patrizia di facoltosi mercanti. Nel 1271, parte insieme con padre e zio per la Cina, dove rimarr\u00e0 per circa venticinque anni.","breadcrumb":{"@id":"https:\/\/venicewiki.org\/it\/veneziani-famosi\/marco-polo\/#breadcrumb"},"inLanguage":"it-IT","potentialAction":[{"@type":"ReadAction","target":["https:\/\/venicewiki.org\/it\/veneziani-famosi\/marco-polo\/"]}]},{"@type":"BreadcrumbList","@id":"https:\/\/venicewiki.org\/it\/veneziani-famosi\/marco-polo\/#breadcrumb","itemListElement":[{"@type":"ListItem","position":1,"name":"Home","item":"https:\/\/venicewiki.org\/it\/"},{"@type":"ListItem","position":2,"name":"Marco Polo"}]},{"@type":"WebSite","@id":"https:\/\/venicewiki.org\/it\/#website","url":"https:\/\/venicewiki.org\/it\/","name":"Venicewiki","description":"La guida di Venezia","publisher":{"@id":"https:\/\/venicewiki.org\/it\/#organization"},"potentialAction":[{"@type":"SearchAction","target":{"@type":"EntryPoint","urlTemplate":"https:\/\/venicewiki.org\/it\/?s={search_term_string}"},"query-input":"required name=search_term_string"}],"inLanguage":"it-IT"},{"@type":"Organization","@id":"https:\/\/venicewiki.org\/it\/#organization","name":"Venicewiki","url":"https:\/\/venicewiki.org\/it\/","sameAs":[],"logo":{"@type":"ImageObject","inLanguage":"it-IT","@id":"https:\/\/venicewiki.org\/it\/#\/schema\/logo\/image\/","url":"https:\/\/venicewiki.org\/it\/wp-content\/uploads\/2022\/12\/Logo-sfondo-rosso.png","contentUrl":"https:\/\/venicewiki.org\/it\/wp-content\/uploads\/2022\/12\/Logo-sfondo-rosso.png","width":1000,"height":1000,"caption":"Venicewiki"},"image":{"@id":"https:\/\/venicewiki.org\/it\/#\/schema\/logo\/image\/"}},{"@type":"Person","@id":"https:\/\/venicewiki.org\/it\/#\/schema\/person\/a1cfa4730cbb11362f93ae0b0920dba3","name":"alvise","image":{"@type":"ImageObject","inLanguage":"it-IT","@id":"https:\/\/venicewiki.org\/it\/#\/schema\/person\/image\/","url":"https:\/\/secure.gravatar.com\/avatar\/d9f6fb03ee81d01c6d38ed1ffd3f7c50?s=96&d=mm&r=g","contentUrl":"https:\/\/secure.gravatar.com\/avatar\/d9f6fb03ee81d01c6d38ed1ffd3f7c50?s=96&d=mm&r=g","caption":"alvise"},"url":"https:\/\/venicewiki.org\/it\/author\/alvise\/"}]}},"_links":{"self":[{"href":"https:\/\/venicewiki.org\/it\/wp-json\/wp\/v2\/posts\/1842"}],"collection":[{"href":"https:\/\/venicewiki.org\/it\/wp-json\/wp\/v2\/posts"}],"about":[{"href":"https:\/\/venicewiki.org\/it\/wp-json\/wp\/v2\/types\/post"}],"author":[{"embeddable":true,"href":"https:\/\/venicewiki.org\/it\/wp-json\/wp\/v2\/users\/2"}],"replies":[{"embeddable":true,"href":"https:\/\/venicewiki.org\/it\/wp-json\/wp\/v2\/comments?post=1842"}],"version-history":[{"count":6,"href":"https:\/\/venicewiki.org\/it\/wp-json\/wp\/v2\/posts\/1842\/revisions"}],"predecessor-version":[{"id":6032,"href":"https:\/\/venicewiki.org\/it\/wp-json\/wp\/v2\/posts\/1842\/revisions\/6032"}],"wp:attachment":[{"href":"https:\/\/venicewiki.org\/it\/wp-json\/wp\/v2\/media?parent=1842"}],"wp:term":[{"taxonomy":"category","embeddable":true,"href":"https:\/\/venicewiki.org\/it\/wp-json\/wp\/v2\/categories?post=1842"},{"taxonomy":"post_tag","embeddable":true,"href":"https:\/\/venicewiki.org\/it\/wp-json\/wp\/v2\/tags?post=1842"}],"curies":[{"name":"wp","href":"https:\/\/api.w.org\/{rel}","templated":true}]}}