{"id":3359,"date":"2020-09-27T12:33:37","date_gmt":"2020-09-27T10:33:37","guid":{"rendered":"https:\/\/venicewiki.org\/it\/?p=3359"},"modified":"2023-03-14T17:15:47","modified_gmt":"2023-03-14T16:15:47","slug":"acqua-alta-4-novembre-1966","status":"publish","type":"post","link":"https:\/\/venicewiki.org\/it\/storia-di-venezia\/acqua-alta-4-novembre-1966\/","title":{"rendered":"Acqua alta del 4 novembre 1966"},"content":{"rendered":"<p>[vc_row][vc_column][vc_column_text]<\/p>\r\n<h1 style=\"text-align: center;\">Acqua alta del 4 novembre 1966<\/h1>\r\n<p>[\/vc_column_text][\/vc_column][\/vc_row][vc_row][vc_column][vc_column_text]<\/p>\r\n<h2>Il ricordo di Gigio Zanon<\/h2>\r\n\r\n<p>&nbsp;<\/p>\r\n\r\n<div class=\"wp-block-image\">\r\n<figure class=\"alignright is-resized\"><a href=\"https:\/\/venicewiki.org\/wiki\/Immagine:Acqua-alta-1dicembre08-CIMG0125.jpg\"><img loading=\"lazy\" src=\"https:\/\/venicewiki.org\/images\/thumb\/3\/37\/Acqua-alta-1dicembre08-CIMG0125.jpg\/350px-Acqua-alta-1dicembre08-CIMG0125.jpg\" alt=\"\" width=\"508\" height=\"382\" \/><\/a><\/figure>\r\n<\/div>\r\n\r\n<p>4 novembre 1966: io c\u2019ero!<\/p>\r\n\r\n<p>S\u00ec. Io c\u2019ero! E ho passato tutta la giornata con l\u2019acqua fino alla cintura dentro la trattoria che gestivo: l\u2019 Aquila Nera, in quel di San Bortolomio.<\/p>\r\n\r\n<p>Erano gi\u00e0 diversi giorni che pioveva e che stagnava uno scirocco da tagliare col coltello tanto era denso e umido.<\/p>\r\n\r\n<p>Mia moglie era ricoverata in Ospedale in attesa del mio primo figlio ed era stata ricoverata giorni prima in quanto era previsto un parto non proprio ottimale, ed io ogni mattina verso le sei andavo a trovarla per vedere come procedeva, poi andavo prima a far la spesa a\u00a0<a href=\"https:\/\/venicewiki.org\/wiki\/Rialto\">Rialto<\/a>, quindi andavo ad aprire la trattoria.<\/p>\r\n\r\n<p>Per quel 4 novembre, allora era giornata festiva e si faceva il ponte dei Santi dei Morti e dell\u2019anniversario della Vittoria del 1918, la spesa era gi\u00e0 stata fatta essendo \u2013 appunto \u2013 giornata festiva e gli acquisti lo avevo gi\u00e0 fatti il giorno prima: compreso il pane, che poi sarebbe tornato pi\u00f9 che utile per altri motivi che dir\u00f2.<\/p>\r\n\r\n<p>Aveva piovuto tutta la notte e quella mattina mi accingevo ad andare verso l\u2019Ospedale dalla mia abitazione di San Lio, quando arrivato gi\u00f9 del ponte delle \u201cPaste\u201d davanti al \u201cForner\u201d l\u2019acqua era gi\u00e0 alta. Sopra la testa gravava una cappa di umidit\u00e0 e vidi che l\u2019acqua non calava, bens\u00ec cresceva e velocemente.<\/p>\r\n\r\n<p>&nbsp;<\/p>\r\n\r\n<div class=\"wp-block-image\">\r\n<figure class=\"alignright is-resized\"><a href=\"https:\/\/venicewiki.org\/wiki\/Immagine:Acqua-alta-1dicembre08-CIMG0111.jpg\"><img loading=\"lazy\" src=\"https:\/\/venicewiki.org\/images\/thumb\/e\/e9\/Acqua-alta-1dicembre08-CIMG0111.jpg\/350px-Acqua-alta-1dicembre08-CIMG0111.jpg\" alt=\"\" width=\"503\" height=\"378\" \/><\/a><\/figure>\r\n<\/div>\r\n\r\n<p>Aveva iniziato anche a piovere, di quella pioggia sottile e costante: proprio come quella da scirocco.<\/p>\r\n\r\n<p>Mi ricordai di quello che mi aveva detto tempo prima il buon Gigio Tolotti quando ci si andava a riparare dal maltempo nella sua casa del Torson de sotto in Laguna Sud riguardo il costruendo canale dei petroli. Gigio Tolotti era un vecchio pescatore che faceva i guardiano alla valle da pesca di casa Jesurum ed abitava in una casa in muratura, ora del tutto scomparsa e della quale non rimane altro che un pezzo di muro sbrecciato. Quando andavamo a pescare con altri amici col nostro\u00a0<a href=\"https:\/\/venicewiki.org\/wiki\/Imbarcazioni_tipiche_della_laguna\">sandolo<\/a>\u00a0facevamo tappa da lui e alle volte, quando c\u2019era maltempo e non si poteva tornare a Venezia, ci si fermava davanti al caminetto e lui ci raccontava delle sue avventure di caccia e di pesca. E noi, oltre che andarci durante l\u2019estate, ci andavamo soprattutto durante il periodo della \u201cFraima\u201d, ossia quel periodo che va dalla fine di settembre alla met\u00e0 di dicembre; periodo durante il quale il pesce scende dalle barene per andare verso il mare perch\u00e9 sente l\u2019avvicinarsi dell\u2019inverno. Fuori c\u2019erano le draghe che stavano scavando il nuovo canale dei petroli che sarebbe servito per portare direttamente le super petroliere fino al barenon de S. Lunardo, vicino alle nuova casse di colmata che gi\u00e0 avevano tombato tutta la Laguna da Fusina al canal Melison, canale che poi porta a Valle Averto e a Lova in terraferma.<\/p>\r\n\r\n<p>Lui ci diceva che tutto quello che stavano facendo in\u00a0<a href=\"https:\/\/venicewiki.org\/wiki\/Laguna\">Laguna<\/a>\u00a0la avrebbe distrutta e poi avrebbe distrutto\u00a0<a href=\"https:\/\/venicewiki.org\/wiki\/Venezia\">Venezia<\/a>, e ci faceva osservare come la marea, gi\u00e0 fin da allora e senza che il canale fosse terminato, entrasse velocemente perch\u00e9 non aveva pi\u00f9 la barriera naturale delle curve del canalon Fisolo e poi Melison, che dal porto degli Alberoni portava su su fino alla terra ferma. Infatti, quando i pescherecci entravano fino al faro degli Alberoni per arrivare a s.Lunardo dovevano girare a destra, dopo il canale di\u00a0<a href=\"https:\/\/venicewiki.org\/wiki\/Malamocco\">Malamocco<\/a>, quindi a sinistra per un bel pezzo e poi a destra ancora per entrare nelle barene e per andare verso la terraferma. E a Fusina non ci andavano perch\u00e9 non c\u2019erano canali che potessero avere dei fondali adatti al loro pescaggio. Quindi questo nuovo canale faceva \u201cun drissagno\u201d, si dice in gergo, ossia tagliava tutta la barena in linea retta, quindi a s.Lunardo girava a destra e ancora in linea retta andava verso Fusina. Un vero e proprio sconvolgimento della\u00a0<a href=\"https:\/\/venicewiki.org\/wiki\/Laguna\">Laguna<\/a>!<\/p>\r\n\r\n<p>&nbsp;<\/p>\r\n\r\n<div class=\"wp-block-image\">\r\n<figure class=\"alignright is-resized\"><a href=\"https:\/\/venicewiki.org\/wiki\/Immagine:Acqua-alta-1dicembre08-CIMG0122.jpg\"><img loading=\"lazy\" src=\"https:\/\/venicewiki.org\/images\/thumb\/6\/62\/Acqua-alta-1dicembre08-CIMG0122.jpg\/350px-Acqua-alta-1dicembre08-CIMG0122.jpg\" alt=\"\" width=\"441\" height=\"588\" \/><\/a><\/figure>\r\n<\/div>\r\n\r\n<p>E quella mattina mi ricordai della sua profezia, vista la velocit\u00e0 con cui la marea cresceva.<\/p>\r\n\r\n<p>Rinunciai ad andare in Ospedale e andai invece direttamente in negozio per vedere cosa succedeva. L\u2019acqua cominciava ad entrare.<\/p>\r\n\r\n<p>Iniziai subito a mettere al riparo dall\u2019acqua le cose che erano vicino a terra sopra le sedie.<\/p>\r\n\r\n<p>Ma l\u2019acqua cresceva, le tolsi dalle sedie e le misi sopra i tavoli.<\/p>\r\n\r\n<p>Non avevo stivali, perch\u00e9 non mi erano mai occorsi e di questo me ne pentii amaramente quel giorno.<\/p>\r\n\r\n<p>Dapprima giravo per il locale salendo sopra due sedie e usandole come una specie di trampoli, poi non bastarono nemmeno quelle, e andai a mollo.<\/p>\r\n\r\n<p>Intanto l\u2019acqua saliva, ed io ero solo. Non facevo in tempo a mettere al riparo una cosa, che subito dovevo pensare ad un\u2019altra, in cucina dovetti mettere sopra i tavoli tutto quello che era messo o a terra o nelle parti basse. In sala tutte le sedie erano sopra i tavoli, perch\u00e9 iniziavano a galleggiare.<\/p>\r\n\r\n<p>I camerieri e i cuochi mi avevano telefonato che non potevano venire a causa l\u2019acqua alta, e quelli dalla terraferma erano bloccati a Piazzale Roma con i vaporetti che non andavano. Pertanto solo ero e solo rimasi!<\/p>\r\n\r\n<p>E continuava a piovere!<\/p>\r\n\r\n<p>Telefonai a mia mamma, che abitava a Mestre, per tranquillizzarla: fu l\u2019ultima telefonata, perch\u00e9 dopo i telefoni ammutolirono in tutta la citt\u00e0.<\/p>\r\n\r\n<p>E l\u2019acqua continuava a salire! E il vento umido e caldo di scirocco soffiava!<\/p>\r\n\r\n<p>Sotto il bancone di mescita c\u2019erano le bottiglie di vino necessarie alla mescita: inizi\u00f2 a galleggiare anche quello con tutto il suo carico!<\/p>\r\n\r\n<p>Spaccai i tubi di rame del motore del frigorifero, perch\u00e8, pensai, era meglio far fare una saldatura che comperare un motore nuovo, e lo misi sopra l\u2019altro bancone. Questo non galleggiava perch\u00e9 era fisso a terra.<\/p>\r\n\r\n<p>&nbsp;<\/p>\r\n\r\n<div class=\"wp-block-image\">\r\n<figure class=\"alignright is-resized\"><a href=\"https:\/\/venicewiki.org\/wiki\/Immagine:Androne_di_palazzo.jpg\"><img loading=\"lazy\" src=\"https:\/\/venicewiki.org\/images\/thumb\/b\/bf\/Androne_di_palazzo.jpg\/400px-Androne_di_palazzo.jpg\" alt=\"\" width=\"553\" height=\"368\" \/><\/a><\/figure>\r\n<\/div>\r\n\r\n<p>In magazzino le damigiane di vino si erano rovesciate, sempre a causa dell\u2019acqua alta e le bottiglie \u2013 dopo che i cartoni si erano sciolti nell\u2019acqua \u2013 iniziavano anche loro a galleggiare. Non mi rimase altro da fare che chiudere la porta perch\u00e9 non se ne andassero con la marea quando avrebbe iniziato a scendere.<\/p>\r\n\r\n<p>Dal di fuori giungevano voci allarmanti: \u00e8 crollata la diga di C\u00e0roman, Pellestrina \u00e8 sommersa, il Lido \u00e8 sott\u2019acqua, ecc. Intanto le pantegane dei magazzini dei vicini erano come impazzite e nuotavano in tutte le direzioni! Anche con loro avevo il mio bel da fare per tenerle lontane!<\/p>\r\n\r\n<p>Verso le 11 manc\u00f2 anche la luce! E fu il buio per tre giorni!<\/p>\r\n\r\n<p>E l\u2019acqua continuava a salire, e mi era giunta oramai al bacino.<\/p>\r\n\r\n<p>Tornai in cucina per cercare di sigillare le porte dei frighi con dei canovacci perch\u00e9 i cibi non deteriorassero, quindi misi il pane che ci avevano fornito il giorno prima sopra la rastrelliera che c\u2019era sopra i fornelli della cucina. Anche l\u00ec l\u2019acqua aveva gi\u00e0 sormontato le portelle dei forni!<\/p>\r\n\r\n<p>Avevo un radio a batterie, e con quella sentivo le notizie dal resto del mondo. Ma non parlavano altro che della alluvione di Firenze e \u2026 dell\u2019acqua alta eccezionale di Venezia!<\/p>\r\n\r\n<p>Oramai, facendo memoria, il livello del famoso novembre del 1951 era gi\u00e0 stato superato da un pezzo. E l\u2019acqua saliva sempre: mi era giunta sulla cinta dei calzoni. Non sapevo pi\u00f9 cosa fare! E le notizie da fuori erano sempre pi\u00f9 allarmanti! Qua, pensai, faccio la morte del topo!<\/p>\r\n\r\n<p>&nbsp;<\/p>\r\n\r\n<div class=\"wp-block-image\">\r\n<figure class=\"alignright is-resized\"><a href=\"https:\/\/venicewiki.org\/wiki\/Immagine:San_Giovanni_Grisostomo_con_acqua.jpg\"><img loading=\"lazy\" src=\"https:\/\/venicewiki.org\/images\/thumb\/5\/52\/San_Giovanni_Grisostomo_con_acqua.jpg\/400px-San_Giovanni_Grisostomo_con_acqua.jpg\" alt=\"\" width=\"458\" height=\"689\" \/><\/a><\/figure>\r\n<\/div>\r\n\r\n<p>Due vecchiette che abitavano di fronte al negozio erano stabili sul balcone, guardavano e pregavano terrorizzate. Ogni tanto mi chiedevano cosa dovessero fare. \u201cPregare\u201d, rispondevo.<\/p>\r\n\r\n<p>Finch\u00e8 verso le due del pomeriggio, visto che l\u2019acqua saliva sempre, mi sono deciso ad abbandonare tutto e andarmene a casa. Presi la radio, quattro o cinque salsicce che erano appese sul soffitto, due o tre pani dalla cucina e me ne andai.<\/p>\r\n\r\n<p>In campo della Fava l\u2019acqua mi arrivava alla schiena e vi camminavo immerso, con una mano tenevo alte le cose che avevo e con l\u2019altra allontanavo da me i detriti e le immondizie che galleggiavano.<\/p>\r\n\r\n<p>Dal ponte della Fava vidi un mare di spiuma bianca di detersivo che seguiva la corrente: era il deposito di detersivi di una ditta che aveva i magazzini l\u00ec accanto nella calle.<\/p>\r\n\r\n<p>Giunto a casa, mi accorsi che il gas non funzionava, cos\u00ec dovetti pranzare con le luganeghe crude!<\/p>\r\n\r\n<p>A piano terra della mia abitazione abitava una vecchietta. Aveva una sola stanza e un bagno. Era seduta sopra la tavola che attendeva che l\u2019acqua calasse! Piangeva guardando le sue poche cosa che galleggiavano! Le ho detto di salire in casa mia, ma ha rifiutato perch\u00e9 \u2013 ha detto \u2013 aveva paura che gli portassero via quel poco che aveva. Nemmeno con la forza riuscii a smuoverla! Lo scirocco che incombeva era sempre stagnante ma aveva smesso di piovere.<\/p>\r\n\r\n<p>La radio, intanto, dava notizie sempre pi\u00f9 drammatiche: ma sempre di Firenze, poco di Venezia!<\/p>\r\n\r\n<p>Dunque: luce non ce n\u2019era, telefono neanche, gas neppure, da mangiare neanche, la TV, se non c\u2019era la luce, non funzionava, ed io ero l\u00ec da solo, con mia moglie in Ospedale e al balcone per vedere se l\u2019acqua iniziava a scendere oppure se anch\u2019io dovevo fare la fine delle pantegane che nuotavano impazzite in giro per le calli!<\/p>\r\n\r\n<p>Finalmente verso le 6 del pomeriggio il tremendo vento di scirocco, \u201cel cassador\u201d come lo chiamiamo quando soffia per far salire l\u2019acqua, cess\u00f2.<\/p>\r\n\r\n<p>Non c\u2019era la luce, non c\u2019era telefono, non c\u2019era gas: nemmeno in tempo di guerra eravamo messi cos\u00ec\u2026e il buio di novembre incombeva!<\/p>\r\n\r\n<p>E l\u2019acqua inizi\u00f2 a scendere. Prima piano, piano, poi sempre pi\u00f9 velocemente, sempre pi\u00f9 velocemente. In poche ore Venezia si svuot\u00f2 come quasi per incanto.<\/p>\r\n\r\n<p>Tornai immediatamente in negozio perch\u00e9 prevedevo che nello scendere l\u2019acqua avrebbe portato davanti alle porte d\u2019ingresso tutto ci\u00f2 che galleggiava e poi era difficile aprirle.<\/p>\r\n\r\n<p>&nbsp;<\/p>\r\n\r\n<div class=\"wp-block-image\">\r\n<figure class=\"alignright\"><a href=\"https:\/\/venicewiki.org\/wiki\/Immagine:Magazzino_o_cavana.jpg\"><img src=\"https:\/\/venicewiki.org\/images\/thumb\/1\/1b\/Magazzino_o_cavana.jpg\/400px-Magazzino_o_cavana.jpg\" alt=\"\" \/><\/a><\/figure>\r\n<\/div>\r\n\r\n<p>Al buio, con l\u2019ausilio solo di una torcia a batterie, inizia l\u2019opera di recupero.<\/p>\r\n\r\n<p>Mano a mano che l\u2019acqua calava con dei secchi lavavo e levavo il salso \u2013 o quello che potevo \u2013 dalle pareti, dai banchi, dal loro interno, ecc.<\/p>\r\n\r\n<p>Appena riuscii ad andare in magazzino mi attrezzai meglio e misi in opera le due lampare a gaz che usavo per andare a pesca, cos\u00ec potevo rischiarare un po\u2019 i locali.<\/p>\r\n\r\n<p>Finii alle 11 di sera di spazzare tutto il fango che era entrato ed uscito con l\u2019acqua!<\/p>\r\n\r\n<p>Le calli erano un accumulo di immondizie, c\u2019era di tutto: perfino un barca di fronte alla porta di ingresso dalla calle della bissa! Certe altre calli, dove qualcuno aveva il riscaldamento a nafta, erano nere dal carburante che era uscito dai serbatoi. I danni che avevo avuto sarebbero stati micidiali, se solo non mi fossi accorto per tempo della nafta che galleggiava per la calle adiacente l\u2019ingresso secondario, perch\u00e9 tappai con tovaglie e asciugamani le fessure delle porte per impedirne l\u2019accesso. Me ne tornai a casa sfinito.<\/p>\r\n\r\n<p>Non avevo notizie di mia moglie, di mia mamma, di nessuno!<\/p>\r\n\r\n<p>Solo la radio con le batterie oramai mezze scariche.<\/p>\r\n\r\n<p>&nbsp;<\/p>\r\n\r\n<div class=\"wp-block-image\">\r\n<figure class=\"alignright\"><a href=\"https:\/\/venicewiki.org\/wiki\/Immagine:Pulizie_dopo_alta_marea.jpg\"><img src=\"https:\/\/venicewiki.org\/images\/thumb\/7\/7d\/Pulizie_dopo_alta_marea.jpg\/400px-Pulizie_dopo_alta_marea.jpg\" alt=\"\" \/><\/a><\/figure>\r\n<\/div>\r\n\r\n<p>Fuori era il buio pi\u00f9 nero, qualche raro lumino o qualche rara torcia elettrica si intravedevano per le calli: erano dei disperati \u2013come me \u2013 che o andavo a casa o andavano nei loro negozi a fare gli inventari di una giornata di novembre che avrebbe dovuto essere festiva.<\/p>\r\n\r\n<p>Feci la stessa strada del pomeriggio, e in campo scivolai sulla schiuma dei detersivi e facevo la gimcana tra i cumuli di rifiuti, di immondizie, delle suppellettili che la gente buttava fuori dalle case e che oramai erano inservibili. La mattina dopo, il giorno 5, finalmente, potei andare all\u2019Ospedale per trovare mia moglie, alla quale dissi che era andato tutto bene e che non c\u2019era stato nulla di eccezionale! Solo che mi rispose che se non c\u2019era stato nulla di eccezionale, perch\u00e9 le cucine dell\u2019Ospedale non funzionavano e perch\u00e9 era due giorni che mangiava asciutto ed era al freddo\u2026 Cambiai discorso\u2026<\/p>\r\n\r\n<p>In negozio c\u2019erano tutti che mi aspettavano, ed iniziammo a fare le pulizie. Almeno l\u2019acqua dolce c\u2019era\u2026<\/p>\r\n\r\n<p>Niente luce, niente telefono, ma il gas era tornato. Cos\u00ec iniziammo a scaldare qualche cosa, a farci un po\u2019 di caff\u00e8 caldo prima e un po\u2019 di cibo caldo, poi. Era dal giorno due che non mettevo nulla di caldo nello stomaco!<\/p>\r\n\r\n<p>La desolazione che c\u2019era in tutta Venezia \u00e8 inenarrabile! Scene di disperazione da parte di negozianti che avevano perso tutto, gente che abitava ai piani terra che giravano senza una meta e chiedevano aiuto, chiedevano che almeno qualcuno li aiutasse a mettere in calle i mobili, i materassi oramai distrutti.<\/p>\r\n\r\n<p>C\u2019era una rincorsa nei pochi negozi di elettricit\u00e0 per accaparrarsi torce, pile, ecc. o anche candele nei negozi che ne avevano.<\/p>\r\n\r\n<p>Il prete della\u00a0<a href=\"https:\/\/venicewiki.org\/wiki\/Chiesa_di_San_Lio\">Chiesa di San Lio<\/a>\u00a0vendeva le candele votive, divise a met\u00e0, a 500 lire il pezzo! Orrore che si aggiungeva all\u2019orrore!<\/p>\r\n\r\n<p>Iniziammo a contare i danni in negozio.<\/p>\r\n\r\n<p>Le sedie che erano andate in acqua erano da gettare, nel mentre i tavoli \u201ctenevano\u201d; il bancone che galleggiava con le bottiglie fortunatamente non si era rovesciato perch\u00e9 lo avevo legato alle colonne con delle tovaglie.<\/p>\r\n\r\n<p>Le damigiane piene che si erano rovesciate furono recuperate perch\u00e9 erano tappate bene e l\u2019acqua stessa aveva fatto da sigillo, le bottiglie erano tutte senza etichetta: certe sono state recuperate ma molte altre sono state consumate da noi i giorni successivi perch\u00e9 non si sapeva di cosa fossero\u2026<\/p>\r\n\r\n<p>I forni della cucina erano inservibili perch\u00e9 vi era entrata l\u2019acqua, per\u00f2 funzionavano i fornelli. I cibi dei frigoriferi furono immediatamente parte cotti e parte gettati via.<\/p>\r\n\r\n<p>Il pane che avevo acquistato in previsione della festivit\u00e0 era diventato la nostra salvezza e la salvezza di altri vicini, che almeno potevano mangiare qualche cosa. E quindi iniziammo a lavare tutto con le pompe di acqua dolce. Da fuori si sentivano i Pompieri che percorrevano i canali per salvare qualche barca o aiutare le persone che ne avevano bisogno. Ma la paura di una replica, in previsione delle acque dei fiumi che sarebbero arrivate in mare, era enorme! Avevamo paura che il mare \u201cnon ricevesse\u201d e che tornasse il maledetto scirocco. Fortunatamente il vento gir\u00f2 di bora e spazz\u00f2 via l\u2019acqua dalla Laguna e dal mare ed arrivarono delle splendide giornate di sole. Venezia era salva. Noi eravamo salvi! E il mio primo figlio nacque il giorno 11 novembre, quando oramai era tornata la luce e i telefoni funzionavano! E mano a mano che sistemavamo qualche cosa contavamo i danni e gettavamo in calle tutto quello danneggiato e oramai inutilizzabile.<\/p>\r\n\r\n<p>Gi\u00e0 il giorno 5 di sera tutte le calli di Venezia erano piene di cose, di mobili, di stoffe, di sedie, ecc.ecc. rimaste irreparabilmente irrecuperabili. Si passava per dei stretti sentieri in mezzo a tutto quello che fino al giorno prima era materiale commerciale posto in vendita.<\/p>\r\n\r\n<p>Gli spazzini erano indaffarati a recuperare le tavole e i cavalletti che dovevano servire come passerelle per l\u2019acqua alta\u2026 ma la maggior parte di esse erano oramai andate fuori in mare con l\u2019acqua di dozana.<\/p>\r\n\r\n<p>Tutte le persone che abitavano ai piano terra erano nella pi\u00f9 nera disperazione perch\u00e9 avevano perso tutto, cos\u00ec pure i commercianti i quali si erano trovati all\u2019improvviso con i negozi completamente vuoti e impraticabili perch\u00e9 tutto sommerso dall\u2019acqua.<\/p>\r\n\r\n<p>Ci misero una settimana per ripulire le calli e i campi principali, e poi iniziarono a pulire anche le calli e i campielli laterali e nascosti.<\/p>\r\n\r\n<p>La luce venne data solo dopo tre o quattro giorni, perch\u00e9 i trasformatori erano andati tutti danneggiati e dovevano attenderli da fuori citt\u00e0 per sostituirli.<\/p>\r\n\r\n<p>E intanto il prete di San Lio era rimasto senza candele votive, perch\u00e9 la aveva vendute tutte a 500 lire per mezza candela\u2026!!! Per illuminare il mio negozio mi salvai accendendo le due lampare a gas liquido che solitamente usavo per andare a pesca. Oltre ad una lampada a gas di fortuna che mi ero costruito con un tubo di gomma e un cannello di rame che avevo tolto dalla serpentina del motore del frigo che avevo rotto sollevandolo. Sapevo di correre un rischio, ma era necessario fare di \u201cnecessit\u00e0 virt\u00f9\u201d, come si suol dire.<\/p>\r\n\r\n<p>Alcuni giorni dopo, finalmente, torn\u00f2 la luce e i netturbini, dopo aver fatto turni impressionanti di lavoro per portar via tutte le cose che c\u2019erano per la calli, riuscirono a pulire tutta Venezia, e solo allora pot\u00e8 iniziare una disinfestazione su larga scala sia nelle calli che nelle abitazioni a piano terra.<\/p>\r\n\r\n<p>Ma in tutta Italia si parlava solo di Firenze e dei danni alla cultura! Nessuno parlava dei danni di Venezia e del Veneto. Basti solo pensare che a Bassano il Brenta era salito di due metri sopra il ponte degli Alpini! E a Pordenone il Noncello aveva invaso il centro storico e all\u2019albergo Centrale era giunta al primo piano!<\/p>\r\n\r\n<p>Nel Veneto avevamo avuto oltre cento morti! In Toscana solo 17!<\/p>\r\n\r\n<p>Tutto il Veneto era andato sotto acqua, tutti i terreni, tutte le campagne erano state allagate. A San Don\u00e0 di Piave c\u2019era stato uno sterminio di bovini e di animali da cortile. Quei pochi che si erano potuti salvare erano stati posti sopra una collina delle tenute di Furlanis.<\/p>\r\n\r\n<p>Tutti i fiumi del Veneto erano straripati ed avevano esondato per le campagne. Vi furono milioni di miliardi di danni!!! Ma all\u2019Italia interessava solo Firenze! Il Veneto, come sempre, non interessava a nessuno! Il Veneto era ed \u00e8 solo terra da mungere, da sfruttare!!! Una settimana dopo ci giunse una notizia ufficiale: la Mahatann City Bank di New York aveva stanziato ben 600mila dollari ( di quei tempi\u2026) per i primi soccorsi per Venezia. Per\u00f2 questi soldi arrivarono a Roma, e l\u00ec si persero! Roma ci aveva rubato anche questi soccorsi!<\/p>\r\n\r\n<p>Passata la sfuriata, e leccateci le grandi ferite che il 4 novembre ci aveva lasciato, ci ritrovammo in un gruppo di commercianti, di appassionati veneziani, di amanti di Venezia, ecc. e ci costituimmo nel \u201cFronte per la difesa di Venezia\u201d, ed iniziammo la nostra battaglia politica. In seguito venne con noi anche Indro Montanelli\u2026 Ma quella \u00e8 altra storia.<\/p>\r\n<p>[\/vc_column_text][\/vc_column][\/vc_row]<\/p>","protected":false},"excerpt":{"rendered":"<p>Acqua alta del 4 novembre 1966: io c&#8217;ero. Ricordo di Gigio Zanon.<\/p>\n","protected":false},"author":2,"featured_media":0,"comment_status":"open","ping_status":"open","sticky":false,"template":"","format":"standard","meta":{"_editorskit_title_hidden":false,"_editorskit_reading_time":0},"categories":[349],"tags":[],"yoast_head":"<!-- This site is optimized with the Yoast SEO plugin v19.7.1 - https:\/\/yoast.com\/wordpress\/plugins\/seo\/ -->\n<title>Acqua alta del 4 novembre 1966 - Venicewiki<\/title>\n<meta name=\"description\" content=\"Acqua alta del 4 novembre 1966: io c&#039;ero. Ricordo di Gigio Zanon.\" \/>\n<meta name=\"robots\" content=\"index, follow, max-snippet:-1, max-image-preview:large, max-video-preview:-1\" \/>\n<link rel=\"canonical\" href=\"https:\/\/venicewiki.org\/it\/storia-di-venezia\/acqua-alta-4-novembre-1966\/\" \/>\n<meta property=\"og:locale\" content=\"it_IT\" \/>\n<meta property=\"og:type\" content=\"article\" \/>\n<meta property=\"og:title\" content=\"Acqua alta del 4 novembre 1966 - Venicewiki\" \/>\n<meta property=\"og:description\" content=\"Acqua alta del 4 novembre 1966: io c&#039;ero. Ricordo di Gigio Zanon.\" \/>\n<meta property=\"og:url\" content=\"https:\/\/venicewiki.org\/it\/storia-di-venezia\/acqua-alta-4-novembre-1966\/\" \/>\n<meta property=\"og:site_name\" content=\"Venicewiki\" \/>\n<meta property=\"article:published_time\" content=\"2020-09-27T10:33:37+00:00\" \/>\n<meta property=\"article:modified_time\" content=\"2023-03-14T16:15:47+00:00\" \/>\n<meta property=\"og:image\" content=\"https:\/\/venicewiki.org\/images\/thumb\/3\/37\/Acqua-alta-1dicembre08-CIMG0125.jpg\/350px-Acqua-alta-1dicembre08-CIMG0125.jpg\" \/>\n<meta name=\"author\" content=\"alvise\" \/>\n<meta name=\"twitter:card\" content=\"summary_large_image\" \/>\n<meta name=\"twitter:label1\" content=\"Written by\" \/>\n\t<meta name=\"twitter:data1\" content=\"alvise\" \/>\n\t<meta name=\"twitter:label2\" content=\"Est. reading time\" \/>\n\t<meta name=\"twitter:data2\" content=\"18 minuti\" \/>\n<script type=\"application\/ld+json\" class=\"yoast-schema-graph\">{\"@context\":\"https:\/\/schema.org\",\"@graph\":[{\"@type\":\"Article\",\"@id\":\"https:\/\/venicewiki.org\/it\/storia-di-venezia\/acqua-alta-4-novembre-1966\/#article\",\"isPartOf\":{\"@id\":\"https:\/\/venicewiki.org\/it\/storia-di-venezia\/acqua-alta-4-novembre-1966\/\"},\"author\":{\"name\":\"alvise\",\"@id\":\"https:\/\/venicewiki.org\/it\/#\/schema\/person\/a1cfa4730cbb11362f93ae0b0920dba3\"},\"headline\":\"Acqua alta del 4 novembre 1966\",\"datePublished\":\"2020-09-27T10:33:37+00:00\",\"dateModified\":\"2023-03-14T16:15:47+00:00\",\"mainEntityOfPage\":{\"@id\":\"https:\/\/venicewiki.org\/it\/storia-di-venezia\/acqua-alta-4-novembre-1966\/\"},\"wordCount\":3053,\"commentCount\":0,\"publisher\":{\"@id\":\"https:\/\/venicewiki.org\/it\/#organization\"},\"articleSection\":[\"Storia di Venezia\"],\"inLanguage\":\"it-IT\",\"potentialAction\":[{\"@type\":\"CommentAction\",\"name\":\"Comment\",\"target\":[\"https:\/\/venicewiki.org\/it\/storia-di-venezia\/acqua-alta-4-novembre-1966\/#respond\"]}]},{\"@type\":\"WebPage\",\"@id\":\"https:\/\/venicewiki.org\/it\/storia-di-venezia\/acqua-alta-4-novembre-1966\/\",\"url\":\"https:\/\/venicewiki.org\/it\/storia-di-venezia\/acqua-alta-4-novembre-1966\/\",\"name\":\"Acqua alta del 4 novembre 1966 - Venicewiki\",\"isPartOf\":{\"@id\":\"https:\/\/venicewiki.org\/it\/#website\"},\"datePublished\":\"2020-09-27T10:33:37+00:00\",\"dateModified\":\"2023-03-14T16:15:47+00:00\",\"description\":\"Acqua alta del 4 novembre 1966: io c'ero. Ricordo di Gigio Zanon.\",\"breadcrumb\":{\"@id\":\"https:\/\/venicewiki.org\/it\/storia-di-venezia\/acqua-alta-4-novembre-1966\/#breadcrumb\"},\"inLanguage\":\"it-IT\",\"potentialAction\":[{\"@type\":\"ReadAction\",\"target\":[\"https:\/\/venicewiki.org\/it\/storia-di-venezia\/acqua-alta-4-novembre-1966\/\"]}]},{\"@type\":\"BreadcrumbList\",\"@id\":\"https:\/\/venicewiki.org\/it\/storia-di-venezia\/acqua-alta-4-novembre-1966\/#breadcrumb\",\"itemListElement\":[{\"@type\":\"ListItem\",\"position\":1,\"name\":\"Home\",\"item\":\"https:\/\/venicewiki.org\/it\/\"},{\"@type\":\"ListItem\",\"position\":2,\"name\":\"Acqua alta del 4 novembre 1966\"}]},{\"@type\":\"WebSite\",\"@id\":\"https:\/\/venicewiki.org\/it\/#website\",\"url\":\"https:\/\/venicewiki.org\/it\/\",\"name\":\"Venicewiki\",\"description\":\"La guida di Venezia\",\"publisher\":{\"@id\":\"https:\/\/venicewiki.org\/it\/#organization\"},\"potentialAction\":[{\"@type\":\"SearchAction\",\"target\":{\"@type\":\"EntryPoint\",\"urlTemplate\":\"https:\/\/venicewiki.org\/it\/?s={search_term_string}\"},\"query-input\":\"required name=search_term_string\"}],\"inLanguage\":\"it-IT\"},{\"@type\":\"Organization\",\"@id\":\"https:\/\/venicewiki.org\/it\/#organization\",\"name\":\"Venicewiki\",\"url\":\"https:\/\/venicewiki.org\/it\/\",\"sameAs\":[],\"logo\":{\"@type\":\"ImageObject\",\"inLanguage\":\"it-IT\",\"@id\":\"https:\/\/venicewiki.org\/it\/#\/schema\/logo\/image\/\",\"url\":\"https:\/\/venicewiki.org\/it\/wp-content\/uploads\/2022\/12\/Logo-sfondo-rosso.png\",\"contentUrl\":\"https:\/\/venicewiki.org\/it\/wp-content\/uploads\/2022\/12\/Logo-sfondo-rosso.png\",\"width\":1000,\"height\":1000,\"caption\":\"Venicewiki\"},\"image\":{\"@id\":\"https:\/\/venicewiki.org\/it\/#\/schema\/logo\/image\/\"}},{\"@type\":\"Person\",\"@id\":\"https:\/\/venicewiki.org\/it\/#\/schema\/person\/a1cfa4730cbb11362f93ae0b0920dba3\",\"name\":\"alvise\",\"image\":{\"@type\":\"ImageObject\",\"inLanguage\":\"it-IT\",\"@id\":\"https:\/\/venicewiki.org\/it\/#\/schema\/person\/image\/\",\"url\":\"https:\/\/secure.gravatar.com\/avatar\/d9f6fb03ee81d01c6d38ed1ffd3f7c50?s=96&d=mm&r=g\",\"contentUrl\":\"https:\/\/secure.gravatar.com\/avatar\/d9f6fb03ee81d01c6d38ed1ffd3f7c50?s=96&d=mm&r=g\",\"caption\":\"alvise\"},\"url\":\"https:\/\/venicewiki.org\/it\/author\/alvise\/\"}]}<\/script>\n<!-- \/ Yoast SEO plugin. -->","yoast_head_json":{"title":"Acqua alta del 4 novembre 1966 - Venicewiki","description":"Acqua alta del 4 novembre 1966: io c'ero. Ricordo di Gigio Zanon.","robots":{"index":"index","follow":"follow","max-snippet":"max-snippet:-1","max-image-preview":"max-image-preview:large","max-video-preview":"max-video-preview:-1"},"canonical":"https:\/\/venicewiki.org\/it\/storia-di-venezia\/acqua-alta-4-novembre-1966\/","og_locale":"it_IT","og_type":"article","og_title":"Acqua alta del 4 novembre 1966 - Venicewiki","og_description":"Acqua alta del 4 novembre 1966: io c'ero. Ricordo di Gigio Zanon.","og_url":"https:\/\/venicewiki.org\/it\/storia-di-venezia\/acqua-alta-4-novembre-1966\/","og_site_name":"Venicewiki","article_published_time":"2020-09-27T10:33:37+00:00","article_modified_time":"2023-03-14T16:15:47+00:00","og_image":[{"url":"https:\/\/venicewiki.org\/images\/thumb\/3\/37\/Acqua-alta-1dicembre08-CIMG0125.jpg\/350px-Acqua-alta-1dicembre08-CIMG0125.jpg"}],"author":"alvise","twitter_card":"summary_large_image","twitter_misc":{"Written by":"alvise","Est. reading time":"18 minuti"},"schema":{"@context":"https:\/\/schema.org","@graph":[{"@type":"Article","@id":"https:\/\/venicewiki.org\/it\/storia-di-venezia\/acqua-alta-4-novembre-1966\/#article","isPartOf":{"@id":"https:\/\/venicewiki.org\/it\/storia-di-venezia\/acqua-alta-4-novembre-1966\/"},"author":{"name":"alvise","@id":"https:\/\/venicewiki.org\/it\/#\/schema\/person\/a1cfa4730cbb11362f93ae0b0920dba3"},"headline":"Acqua alta del 4 novembre 1966","datePublished":"2020-09-27T10:33:37+00:00","dateModified":"2023-03-14T16:15:47+00:00","mainEntityOfPage":{"@id":"https:\/\/venicewiki.org\/it\/storia-di-venezia\/acqua-alta-4-novembre-1966\/"},"wordCount":3053,"commentCount":0,"publisher":{"@id":"https:\/\/venicewiki.org\/it\/#organization"},"articleSection":["Storia di Venezia"],"inLanguage":"it-IT","potentialAction":[{"@type":"CommentAction","name":"Comment","target":["https:\/\/venicewiki.org\/it\/storia-di-venezia\/acqua-alta-4-novembre-1966\/#respond"]}]},{"@type":"WebPage","@id":"https:\/\/venicewiki.org\/it\/storia-di-venezia\/acqua-alta-4-novembre-1966\/","url":"https:\/\/venicewiki.org\/it\/storia-di-venezia\/acqua-alta-4-novembre-1966\/","name":"Acqua alta del 4 novembre 1966 - Venicewiki","isPartOf":{"@id":"https:\/\/venicewiki.org\/it\/#website"},"datePublished":"2020-09-27T10:33:37+00:00","dateModified":"2023-03-14T16:15:47+00:00","description":"Acqua alta del 4 novembre 1966: io c'ero. Ricordo di Gigio Zanon.","breadcrumb":{"@id":"https:\/\/venicewiki.org\/it\/storia-di-venezia\/acqua-alta-4-novembre-1966\/#breadcrumb"},"inLanguage":"it-IT","potentialAction":[{"@type":"ReadAction","target":["https:\/\/venicewiki.org\/it\/storia-di-venezia\/acqua-alta-4-novembre-1966\/"]}]},{"@type":"BreadcrumbList","@id":"https:\/\/venicewiki.org\/it\/storia-di-venezia\/acqua-alta-4-novembre-1966\/#breadcrumb","itemListElement":[{"@type":"ListItem","position":1,"name":"Home","item":"https:\/\/venicewiki.org\/it\/"},{"@type":"ListItem","position":2,"name":"Acqua alta del 4 novembre 1966"}]},{"@type":"WebSite","@id":"https:\/\/venicewiki.org\/it\/#website","url":"https:\/\/venicewiki.org\/it\/","name":"Venicewiki","description":"La guida di Venezia","publisher":{"@id":"https:\/\/venicewiki.org\/it\/#organization"},"potentialAction":[{"@type":"SearchAction","target":{"@type":"EntryPoint","urlTemplate":"https:\/\/venicewiki.org\/it\/?s={search_term_string}"},"query-input":"required name=search_term_string"}],"inLanguage":"it-IT"},{"@type":"Organization","@id":"https:\/\/venicewiki.org\/it\/#organization","name":"Venicewiki","url":"https:\/\/venicewiki.org\/it\/","sameAs":[],"logo":{"@type":"ImageObject","inLanguage":"it-IT","@id":"https:\/\/venicewiki.org\/it\/#\/schema\/logo\/image\/","url":"https:\/\/venicewiki.org\/it\/wp-content\/uploads\/2022\/12\/Logo-sfondo-rosso.png","contentUrl":"https:\/\/venicewiki.org\/it\/wp-content\/uploads\/2022\/12\/Logo-sfondo-rosso.png","width":1000,"height":1000,"caption":"Venicewiki"},"image":{"@id":"https:\/\/venicewiki.org\/it\/#\/schema\/logo\/image\/"}},{"@type":"Person","@id":"https:\/\/venicewiki.org\/it\/#\/schema\/person\/a1cfa4730cbb11362f93ae0b0920dba3","name":"alvise","image":{"@type":"ImageObject","inLanguage":"it-IT","@id":"https:\/\/venicewiki.org\/it\/#\/schema\/person\/image\/","url":"https:\/\/secure.gravatar.com\/avatar\/d9f6fb03ee81d01c6d38ed1ffd3f7c50?s=96&d=mm&r=g","contentUrl":"https:\/\/secure.gravatar.com\/avatar\/d9f6fb03ee81d01c6d38ed1ffd3f7c50?s=96&d=mm&r=g","caption":"alvise"},"url":"https:\/\/venicewiki.org\/it\/author\/alvise\/"}]}},"_links":{"self":[{"href":"https:\/\/venicewiki.org\/it\/wp-json\/wp\/v2\/posts\/3359"}],"collection":[{"href":"https:\/\/venicewiki.org\/it\/wp-json\/wp\/v2\/posts"}],"about":[{"href":"https:\/\/venicewiki.org\/it\/wp-json\/wp\/v2\/types\/post"}],"author":[{"embeddable":true,"href":"https:\/\/venicewiki.org\/it\/wp-json\/wp\/v2\/users\/2"}],"replies":[{"embeddable":true,"href":"https:\/\/venicewiki.org\/it\/wp-json\/wp\/v2\/comments?post=3359"}],"version-history":[{"count":5,"href":"https:\/\/venicewiki.org\/it\/wp-json\/wp\/v2\/posts\/3359\/revisions"}],"predecessor-version":[{"id":6122,"href":"https:\/\/venicewiki.org\/it\/wp-json\/wp\/v2\/posts\/3359\/revisions\/6122"}],"wp:attachment":[{"href":"https:\/\/venicewiki.org\/it\/wp-json\/wp\/v2\/media?parent=3359"}],"wp:term":[{"taxonomy":"category","embeddable":true,"href":"https:\/\/venicewiki.org\/it\/wp-json\/wp\/v2\/categories?post=3359"},{"taxonomy":"post_tag","embeddable":true,"href":"https:\/\/venicewiki.org\/it\/wp-json\/wp\/v2\/tags?post=3359"}],"curies":[{"name":"wp","href":"https:\/\/api.w.org\/{rel}","templated":true}]}}